{"id":686,"date":"2024-09-27T08:52:12","date_gmt":"2024-09-27T08:52:12","guid":{"rendered":"http:\/\/new.refashionable.eu\/?p=686"},"modified":"2024-09-27T10:01:23","modified_gmt":"2024-09-27T10:01:23","slug":"the-first-newsletter","status":"publish","type":"post","link":"https:\/\/www.refashionable.eu\/es\/the-first-newsletter\/","title":{"rendered":"\u00a1El primer bolet\u00edn informativo! | Re-fashionable"},"content":{"rendered":"<div class=\"vce-row-container\" data-vce-boxed-width=\"true\"><div class=\"vce-row vce-row--col-gap-30 vce-row-equal-height vce-row-content--top\" id=\"el-2335cf61\" data-vce-do-apply=\"all el-2335cf61\"><div class=\"vce-row-content\" data-vce-element-content=\"true\"><div class=\"vce-col vce-col--md-auto vce-col--xs-1 vce-col--xs-last vce-col--xs-first vce-col--sm-last vce-col--sm-first vce-col--md-last vce-col--lg-last vce-col--xl-last vce-col--md-first vce-col--lg-first vce-col--xl-first\" id=\"el-c991ceb7\"><div class=\"vce-col-inner\" data-vce-do-apply=\"border margin background  el-c991ceb7\"><div class=\"vce-col-content\" data-vce-element-content=\"true\" data-vce-do-apply=\"padding el-c991ceb7\"><div class=\"vce-text-block\"><div class=\"vce-text-block-wrapper vce\" id=\"el-dfa585a3\" data-vce-do-apply=\"all el-dfa585a3\"><p><span style=\"font-size: 18pt;\"><strong>Estimado profesional de la industria de la moda,<\/strong><\/span><\/p>\n<p><span style=\"color: #e9a6a6;\"><strong>\u00bfC\u00f3mo podemos hacer que la industria de la moda sea m\u00e1s sostenible? <\/strong><\/span>Esta es una b\u00fasqueda que muchos de nosotros, siendo dise\u00f1adores, productores, minoristas, responsables de pol\u00edticas o simples consumidores, hemos estado persiguiendo durante este siglo (e incluso antes). El proyecto Re-fashionable tiene como objetivo transformar la industria de la moda hacia pr\u00e1cticas m\u00e1s sostenibles. Esta iniciativa busca aprovechar herramientas digitales y esfuerzos colaborativos para lograr avances significativos en la reducci\u00f3n de residuos y mejorar la sostenibilidad en toda la industria de la moda.<\/p>\n<p style=\"text-align: center;\"><span style=\"font-size: 16pt;\"><strong><span style=\"color: #e9a6a6;\"><em>\u00a1Tu participaci\u00f3n es crucial<\/em><\/span><em> <br>y ahora tenemos algunas noticias que compartir contigo!<\/em><\/strong><\/span><\/p>\n<p style=\"text-align: center;\"><img loading=\"lazy\" decoding=\"async\" class=\"size-medium wp-image-688 aligncenter\" src=\"https:\/\/www.refashionable.eu\/wp-content\/uploads\/2024\/09\/Picture3-1-246x300.jpg\" alt=\"\" width=\"246\" height=\"300\" srcset=\"https:\/\/www.refashionable.eu\/wp-content\/uploads\/2024\/09\/Picture3-1-246x300.jpg 246w, https:\/\/www.refashionable.eu\/wp-content\/uploads\/2024\/09\/Picture3-1-10x12.jpg 10w, https:\/\/www.refashionable.eu\/wp-content\/uploads\/2024\/09\/Picture3-1-320x390.jpg 320w, https:\/\/www.refashionable.eu\/wp-content\/uploads\/2024\/09\/Picture3-1-480x585.jpg 480w, https:\/\/www.refashionable.eu\/wp-content\/uploads\/2024\/09\/Picture3-1.jpg 546w\" sizes=\"auto, (max-width: 246px) 100vw, 246px\" \/><\/p>\n<p><strong><span style=\"color: #e9a6a6;\">Aspectos destacados y eventos recientes del proyecto:<\/span> <\/strong><\/p>\n<p>Con el fin de desarrollar las especificaciones de la plataforma y los contenidos del curso de e-learning de Re-fashionable, cada socio organiz\u00f3 <span style=\"color: #e9a6a6;\">focus groups<\/span> con actores clave, lo que result\u00f3 en informaci\u00f3n valiosa para el proyecto, pero tambi\u00e9n plant\u00f3 las semillas del intercambio de ideas e inquietudes entre los participantes.<\/p>\n<p style=\"text-align: center;\">&nbsp;<img loading=\"lazy\" decoding=\"async\" class=\"aligncenter wp-image-689 size-full\" src=\"https:\/\/www.refashionable.eu\/wp-content\/uploads\/2024\/09\/Picture2-1.jpg\" alt=\"\" width=\"735\" height=\"490\" srcset=\"https:\/\/www.refashionable.eu\/wp-content\/uploads\/2024\/09\/Picture2-1.jpg 735w, https:\/\/www.refashionable.eu\/wp-content\/uploads\/2024\/09\/Picture2-1-300x200.jpg 300w, https:\/\/www.refashionable.eu\/wp-content\/uploads\/2024\/09\/Picture2-1-18x12.jpg 18w, https:\/\/www.refashionable.eu\/wp-content\/uploads\/2024\/09\/Picture2-1-320x213.jpg 320w, https:\/\/www.refashionable.eu\/wp-content\/uploads\/2024\/09\/Picture2-1-480x320.jpg 480w\" sizes=\"auto, (max-width: 735px) 100vw, 735px\" \/><\/p>\n<p>&nbsp;<\/p>\n<p><span style=\"color: #e9a6a6;\"><strong>La plataforma digital \"Re-fashionable\"<\/strong><\/span><\/p>\n<p>Para promover pr\u00e1cticas sostenibles entre los grupos objetivo, se est\u00e1 dise\u00f1ando la plataforma digital Re-fashionable, que incluir\u00e1 <span style=\"color: #e9a6a6;\">espacios de proyecto colaborativos, un mercado para bienes y servicios sostenibles, y numerosas oportunidades de networking<\/span> a trav\u00e9s de una lista de contactos extensa y filtrada. Tambi\u00e9n cuenta con una secci\u00f3n educativa que no solo ofrece el curso de e-learning Green Thread, sino tambi\u00e9n recursos extensivos sobre sostenibilidad en la moda, haciendo de la Plataforma Re-fashionable una herramienta integral para la colaboraci\u00f3n comunitaria e innovaci\u00f3n en tiempo real.<\/p>\n<p>&nbsp;<\/p>\n<p style=\"text-align: center;\"><span style=\"color: #e9a6a6; font-size: 18pt;\"><strong><em>Mantente atento al lanzamiento de la Plataforma \"Re-fashionable\" este oto\u00f1o de 2024.<\/em><\/strong><\/span><\/p>\n<p style=\"text-align: center;\">Te invitamos cordialmente a explorar sus muchos aspectos y a formar parte de la comunidad de moda sostenible. <strong>y a formar parte de la comunidad de moda sostenible!<\/strong><\/p>\n<p>&nbsp;<\/p>\n<p><span style=\"color: #e9a6a6;\"><strong>Green Thread: nuestro curso de e-learning sobre moda sostenible<\/strong><\/span><\/p>\n<p>El desarrollo de nuestro curso ya est\u00e1 avanzado y en oto\u00f1o estar\u00e1 disponible en nuestra Plataforma Digital. M\u00e1s detalles sobre el curso se proporcionar\u00e1n en nuestro pr\u00f3ximo bolet\u00edn. Puedes obtener una idea de los temas que estamos desarrollando echando un vistazo a nuestra secci\u00f3n de blog en el sitio web de Re-fashionable. www.refashionable.eu<a href=\"http:\/\/new.refashionable.eu\"> Re-fashionable website. <\/a><\/p>\n<p style=\"text-align: center;\">&nbsp;<\/p>\n<p style=\"text-align: center;\"><img loading=\"lazy\" decoding=\"async\" class=\"aligncenter wp-image-690 size-full\" src=\"https:\/\/www.refashionable.eu\/wp-content\/uploads\/2024\/09\/Picture4.png\" alt=\"\" width=\"679\" height=\"611\" srcset=\"https:\/\/www.refashionable.eu\/wp-content\/uploads\/2024\/09\/Picture4.png 679w, https:\/\/www.refashionable.eu\/wp-content\/uploads\/2024\/09\/Picture4-300x270.png 300w, https:\/\/www.refashionable.eu\/wp-content\/uploads\/2024\/09\/Picture4-13x12.png 13w, https:\/\/www.refashionable.eu\/wp-content\/uploads\/2024\/09\/Picture4-320x288.png 320w, https:\/\/www.refashionable.eu\/wp-content\/uploads\/2024\/09\/Picture4-480x432.png 480w\" sizes=\"auto, (max-width: 679px) 100vw, 679px\" \/><\/p>\n<p><span style=\"color: #e9a6a6;\"><strong>\u00bfTe gustar\u00eda saber m\u00e1s sobre<\/strong><\/span> los impulsores psicol\u00f3gicos de la moda o c\u00f3mo avanzar hacia pr\u00e1cticas sostenibles en la industria de la moda en el mercado europeo? Visite nuestra secci\u00f3n de<a href=\"http:\/\/new.refashionable.eu\/blog\/\"><span style=\"color: #e9a6a6;\"> <strong>secci\u00f3n de blog<\/strong> <\/span><\/a>en la p\u00e1gina web de Re-fashionable.&nbsp;<\/p>\n<p>&nbsp;<\/p>\n<p>\u00bfQui\u00e9nes somos los socios que estamos implementando el proyecto Re-fashionable?<\/p>\n<ul>\n<li>Blue Room Innovation (Spain)<\/li>\n<li>IDEC (Greece)<\/li>\n<li>Learning Hub Friesland (The Netherlands)<\/li>\n<li>Machiavelli Istituto d'Istruzione Superiore \"N. Machiavelli\" - Lucca&nbsp;(Italy)<\/li>\n<li>Egyes\u00fclet a Kreat\u00edv Oktat\u00e1s\u00e9rt (EKO) (Hungary)<\/li>\n<li>Qstura (Spain)<\/li>\n<\/ul>\n<p>&nbsp;<\/p>\n<p>Visita nuestra <a href=\"http:\/\/new.refashionable.eu\/\">website,<\/a>s\u00edguenos en redes sociales (Instagram y Facebook) y no te pierdas nuestro contenido m\u00e1s reciente.<\/p>\n<ul>\n<li><a href=\"http:\/\/new.refashionable.eu\/\">http:\/\/new.refashionable.eu\/<\/a><\/li>\n<li>Instagram: <a href=\"https:\/\/www.instagram.com\/re_fashionable_eu\/\">https:\/\/www.instagram.com\/re_fashionable_eu\/<\/a><\/li>\n<li>Facebook: <a href=\"https:\/\/www.facebook.com\/refashionable.eu\">https:\/\/www.facebook.com\/refashionable.eu<\/a><\/li>\n<\/ul>\n<p>&nbsp;<\/p>\n<p>Project Number: 2023-1-ES01-KA220-VET-000155130<\/p>\n<p>Financiado por la Uni\u00f3n Europea. Las opiniones y puntos de vista expresados solo comprometen a su(s) autor(es) y no reflejan necesariamente los de la Uni\u00f3n Europea o los de la Agencia Ejecutiva Europea de Educaci\u00f3n y Cultura (EACEA). Ni la Uni\u00f3n Europea ni la EACEA pueden ser considerados responsables de ellos.<\/p>\n<p>&nbsp;<\/p><\/div><\/div><\/div><\/div><\/div><\/div><\/div><\/div><div class=\"vce-row-container\" data-vce-boxed-width=\"true\"><div class=\"vce-row vce-row--col-gap-30 vce-row-equal-height vce-row-content--top\" id=\"el-d8e437c9\" data-vce-do-apply=\"all el-d8e437c9\"><div class=\"vce-row-content\" data-vce-element-content=\"true\"><div class=\"vce-col vce-col--md-auto vce-col--xs-1 vce-col--xs-last vce-col--xs-first vce-col--sm-last vce-col--sm-first vce-col--md-last vce-col--lg-last vce-col--xl-last vce-col--md-first vce-col--lg-first vce-col--xl-first\" id=\"el-bb921f29\"><div class=\"vce-col-inner\" data-vce-do-apply=\"border margin background  el-bb921f29\"><div class=\"vce-col-content\" data-vce-element-content=\"true\" data-vce-do-apply=\"padding el-bb921f29\"><div class=\"vcv-row-control-wrapper\"><\/div><\/div><\/div><\/div><\/div><\/div><\/div>","protected":false},"excerpt":{"rendered":"<p>Dear Fashion Industry Professional, How to make the fashion industry more sustainable? This is a quest that many of us, being designers, producers, retailers, policy makers ot simple consumers, have been pursuing during this century (and even earlier). The Re-fashionable project aims to transform the fashion industry towards more sustainable practices. This initiative seeks to [&hellip;]<\/p>","protected":false},"author":1,"featured_media":688,"comment_status":"closed","ping_status":"closed","sticky":false,"template":"","format":"standard","meta":{"_monsterinsights_skip_tracking":false,"_monsterinsights_sitenote_active":false,"_monsterinsights_sitenote_note":"","_monsterinsights_sitenote_category":0,"footnotes":""},"categories":[1],"tags":[],"class_list":["post-686","post","type-post","status-publish","format-standard","has-post-thumbnail","hentry","category-uncategorized"],"_links":{"self":[{"href":"https:\/\/www.refashionable.eu\/es\/wp-json\/wp\/v2\/posts\/686","targetHints":{"allow":["GET"]}}],"collection":[{"href":"https:\/\/www.refashionable.eu\/es\/wp-json\/wp\/v2\/posts"}],"about":[{"href":"https:\/\/www.refashionable.eu\/es\/wp-json\/wp\/v2\/types\/post"}],"author":[{"embeddable":true,"href":"https:\/\/www.refashionable.eu\/es\/wp-json\/wp\/v2\/users\/1"}],"replies":[{"embeddable":true,"href":"https:\/\/www.refashionable.eu\/es\/wp-json\/wp\/v2\/comments?post=686"}],"version-history":[{"count":6,"href":"https:\/\/www.refashionable.eu\/es\/wp-json\/wp\/v2\/posts\/686\/revisions"}],"predecessor-version":[{"id":697,"href":"https:\/\/www.refashionable.eu\/es\/wp-json\/wp\/v2\/posts\/686\/revisions\/697"}],"wp:featuredmedia":[{"embeddable":true,"href":"https:\/\/www.refashionable.eu\/es\/wp-json\/wp\/v2\/media\/688"}],"wp:attachment":[{"href":"https:\/\/www.refashionable.eu\/es\/wp-json\/wp\/v2\/media?parent=686"}],"wp:term":[{"taxonomy":"category","embeddable":true,"href":"https:\/\/www.refashionable.eu\/es\/wp-json\/wp\/v2\/categories?post=686"},{"taxonomy":"post_tag","embeddable":true,"href":"https:\/\/www.refashionable.eu\/es\/wp-json\/wp\/v2\/tags?post=686"}],"curies":[{"name":"wp","href":"https:\/\/api.w.org\/{rel}","templated":true}]}}